{"id":17505,"date":"2026-07-10T11:58:24","date_gmt":"2026-07-10T09:58:24","guid":{"rendered":"https:\/\/teatronapoletano.centroictbc.unisa.it\/?p=17505"},"modified":"2026-07-10T11:58:24","modified_gmt":"2026-07-10T09:58:24","slug":"testo-1-2-2-2-2","status":"publish","type":"post","link":"https:\/\/teatronapoletano.centroictbc.unisa.it\/?p=17505","title":{"rendered":"PALUMMIELLO"},"content":{"rendered":"\n<p class=\"wp-block-paragraph\">(da Partitura)<\/p>\n\n\n\n<p class=\"wp-block-paragraph\">Palummiello, &#8216;o guaglione de &#8216;ffatiche,<\/p>\n\n\n\n<p class=\"wp-block-paragraph\">chille ca pulezza a tr\u00f2mbola de&#8217; scale,<\/p>\n\n\n\n<p class=\"wp-block-paragraph\">cc\u00e0, ogne semmana,<\/p>\n\n\n\n<p class=\"wp-block-paragraph\">o figlio d&#8217;a lavannara &#8216;o pontone,<\/p>\n\n\n\n<p class=\"wp-block-paragraph\">chiammata, chi sa pecch\u00e9 A Malaspina,<\/p>\n\n\n\n<p class=\"wp-block-paragraph\">m&#8217;ha ditto ca sicond&#8217;isso, l&#8217;isola di Procida<\/p>\n\n\n\n<p class=\"wp-block-paragraph\">nun \u00e8 napulitana, no.<\/p>\n\n\n\n<p class=\"wp-block-paragraph\">E nemmanco italiana.<\/p>\n\n\n\n<p class=\"wp-block-paragraph\">\u00c8 proprio sarracena. Arabesca.<\/p>\n\n\n\n<p class=\"wp-block-paragraph\">dic&#8217;isso, cercanno &#8216;e parl\u00e0 pulito.<\/p>\n\n\n\n<p class=\"wp-block-paragraph\">Comunque Infedele. In-Cristiana.<\/p>\n\n\n\n<p class=\"wp-block-paragraph\">Un&#8217;anima collettiva nel peccato e nell&#8217;incivilt\u00e0,<\/p>\n\n\n\n<p class=\"wp-block-paragraph\">nella barbarie dei sensi.<\/p>\n\n\n\n<p class=\"wp-block-paragraph\">Palummiello \u00e8 stato tre ghiuorne<\/p>\n\n\n\n<p class=\"wp-block-paragraph\">incatenato a na preta,<\/p>\n\n\n\n<p class=\"wp-block-paragraph\">na roccia vullente a Procida, sott&#8217;a Corricella,<\/p>\n\n\n\n<p class=\"wp-block-paragraph\">mmano a piscature nire, dall&#8217;uocchie e&#8217;<\/p>\n\n\n\n<p class=\"wp-block-paragraph\">lampara, niente &#8216; drago.<\/p>\n\n\n\n<p class=\"wp-block-paragraph\">Tre ghiuorne.<\/p>\n\n\n\n<p class=\"wp-block-paragraph\">Palummiello dice c&#8217;ha perzo o suonno-<\/p>\n\n\n\n<p class=\"wp-block-paragraph\">e forse il senno &#8211;<\/p>\n\n\n\n<p class=\"wp-block-paragraph\">c&#8217;a vocca premmuta contr&#8217;a rena,<\/p>\n\n\n\n<p class=\"wp-block-paragraph\">pigliato pe&#8217; rine, a turno,<\/p>\n\n\n\n<p class=\"wp-block-paragraph\">tre ghiuorne,<\/p>\n\n\n\n<p class=\"wp-block-paragraph\">e alluccava &#8220;Datemi pace, datemi<\/p>\n\n\n\n<p class=\"wp-block-paragraph\">pace&#8230; pace!&#8221;.<\/p>\n\n\n\n<p class=\"wp-block-paragraph\">Ah, io nun tengo quieta manco a notte<\/p>\n\n\n\n<p class=\"wp-block-paragraph\">a rricordo &#8216;e sti parole,<\/p>\n\n\n\n<p class=\"wp-block-paragraph\">ca isso m\u00f2 pronunzia, scemuluto e tronco,<\/p>\n\n\n\n<p class=\"wp-block-paragraph\">comm&#8217;a na Sibilla o na veggente balbuziente.<\/p>\n\n\n\n<p class=\"wp-block-paragraph\">E l&#8217;aggio spiegato c&#8217;a bellezza, spisso,<\/p>\n\n\n\n<p class=\"wp-block-paragraph\">\u00e8 solo l&#8217;esca della crudelt\u00e0,<\/p>\n\n\n\n<p class=\"wp-block-paragraph\">nu specchio ca l&#8217;istinto manna a<\/p>\n\n\n\n<p class=\"wp-block-paragraph\">cr\u00e0stule tutt&#8217;e mumente&#8230;<\/p>\n\n\n\n<p class=\"wp-block-paragraph\">ma Palummiello non capisce,<\/p>\n\n\n\n<p class=\"wp-block-paragraph\">mmiezz&#8217;e guagliune d&#8217;a Stella \u00e8 chille<\/p>\n\n\n\n<p class=\"wp-block-paragraph\">c&#8217;ancora nun cresce,<\/p>\n\n\n\n<p class=\"wp-block-paragraph\">chille ca o veramente &#8220;nun capisce&#8221;.<\/p>\n\n\n\n<p class=\"wp-block-paragraph\">Perch\u00e9 Palummiello \u00e8 o marizzo de&#8217; ragge<\/p>\n\n\n\n<p class=\"wp-block-paragraph\">a voce d&#8217;a mamma<\/p>\n\n\n\n<p class=\"wp-block-paragraph\">l&#8217;aria &#8216;e san Martino, pulita pulita,<\/p>\n\n\n\n<p class=\"wp-block-paragraph\">nonostante a trappola &#8216;e vrito<\/p>\n\n\n\n<p class=\"wp-block-paragraph\">nonostante il grumo di sangue.<\/p>\n\n\n\n<p class=\"wp-block-paragraph\">Pecch\u00e9, Palummiello \u00e8&#8230;<\/p>\n\n\n\n<p class=\"wp-block-paragraph\">Palummiello \u00e8&#8230;<\/p>\n\n\n\n<p class=\"wp-block-paragraph\">Palummiello \u00e8&#8230;<\/p>\n","protected":false},"excerpt":{"rendered":"<p>(da Partitura) Palummiello, &#8216;o guaglione de &#8216;ffatiche, chille ca pulezza a tr\u00f2mbola de&#8217; scale, cc\u00e0, ogne semmana, o figlio d&#8217;a lavannara &#8216;o pontone, chiammata, chi sa pecch\u00e9 A Malaspina, m&#8217;ha ditto ca sicond&#8217;isso, l&#8217;isola di Procida nun \u00e8 napulitana, no. E nemmanco italiana. \u00c8 proprio sarracena. Arabesca. dic&#8217;isso, cercanno &#8216;e parl\u00e0 pulito. Comunque Infedele. In-Cristiana. [&hellip;]<\/p>\n","protected":false},"author":4,"featured_media":0,"comment_status":"open","ping_status":"open","sticky":false,"template":"","format":"standard","meta":{"footnotes":""},"categories":[16],"tags":[37],"class_list":["post-17505","post","type-post","status-publish","format-standard","hentry","category-testi","tag-enzomoscato"],"_links":{"self":[{"href":"https:\/\/teatronapoletano.centroictbc.unisa.it\/index.php?rest_route=\/wp\/v2\/posts\/17505","targetHints":{"allow":["GET"]}}],"collection":[{"href":"https:\/\/teatronapoletano.centroictbc.unisa.it\/index.php?rest_route=\/wp\/v2\/posts"}],"about":[{"href":"https:\/\/teatronapoletano.centroictbc.unisa.it\/index.php?rest_route=\/wp\/v2\/types\/post"}],"author":[{"embeddable":true,"href":"https:\/\/teatronapoletano.centroictbc.unisa.it\/index.php?rest_route=\/wp\/v2\/users\/4"}],"replies":[{"embeddable":true,"href":"https:\/\/teatronapoletano.centroictbc.unisa.it\/index.php?rest_route=%2Fwp%2Fv2%2Fcomments&post=17505"}],"version-history":[{"count":1,"href":"https:\/\/teatronapoletano.centroictbc.unisa.it\/index.php?rest_route=\/wp\/v2\/posts\/17505\/revisions"}],"predecessor-version":[{"id":17506,"href":"https:\/\/teatronapoletano.centroictbc.unisa.it\/index.php?rest_route=\/wp\/v2\/posts\/17505\/revisions\/17506"}],"wp:attachment":[{"href":"https:\/\/teatronapoletano.centroictbc.unisa.it\/index.php?rest_route=%2Fwp%2Fv2%2Fmedia&parent=17505"}],"wp:term":[{"taxonomy":"category","embeddable":true,"href":"https:\/\/teatronapoletano.centroictbc.unisa.it\/index.php?rest_route=%2Fwp%2Fv2%2Fcategories&post=17505"},{"taxonomy":"post_tag","embeddable":true,"href":"https:\/\/teatronapoletano.centroictbc.unisa.it\/index.php?rest_route=%2Fwp%2Fv2%2Ftags&post=17505"}],"curies":[{"name":"wp","href":"https:\/\/api.w.org\/{rel}","templated":true}]}}