{"id":17501,"date":"2026-07-10T11:55:11","date_gmt":"2026-07-10T09:55:11","guid":{"rendered":"https:\/\/teatronapoletano.centroictbc.unisa.it\/?p=17501"},"modified":"2026-07-10T11:55:11","modified_gmt":"2026-07-10T09:55:11","slug":"testo-1-2-2","status":"publish","type":"post","link":"https:\/\/teatronapoletano.centroictbc.unisa.it\/?p=17501","title":{"rendered":"Rasoi"},"content":{"rendered":"\n<p class=\"wp-block-paragraph\">TRATTO DA: Rasoi, di Enzo Moscato, Napoli, Teatri Uniti, 1994.<\/p>\n\n\n\n<p class=\"wp-block-paragraph\">I<\/p>\n\n\n\n<p class=\"wp-block-paragraph\">&#8220;La fogna \u00e8 il vizio che la citt\u00e0 ha nel sangue.<\/p>\n\n\n\n<p class=\"wp-block-paragraph\">L&#8217;istinto popolare non si \u00e8 mai sbagliato.<\/p>\n\n\n\n<p class=\"wp-block-paragraph\">Si potrebbe dire che, da dieci secoli,<\/p>\n\n\n\n<p class=\"wp-block-paragraph\">la cloaca \u00e8 la malattia di Parigi.<\/p>\n\n\n\n<p class=\"wp-block-paragraph\">E Jean Valjean SI TROVAVA<\/p>\n\n\n\n<p class=\"wp-block-paragraph\">nella fogna di Parigi.<\/p>\n\n\n\n<p class=\"wp-block-paragraph\">Altra somiglianza di Parigi con il mare:<\/p>\n\n\n\n<p class=\"wp-block-paragraph\">cos\u00ec nell&#8217;oceano come a Parigi,<\/p>\n\n\n\n<p class=\"wp-block-paragraph\">chi vi si tuffa pu\u00f2 scomparire&#8230;&#8221;<\/p>\n\n\n\n<p class=\"wp-block-paragraph\">II<\/p>\n\n\n\n<p class=\"wp-block-paragraph\">&#8220;Meglio per voi sarebbe non essere mai nati:<\/p>\n\n\n\n<p class=\"wp-block-paragraph\">nella contea di N. l&#8217;inorganico avviluppo,<\/p>\n\n\n\n<p class=\"wp-block-paragraph\">senza lingue della Vita, nella vita,<\/p>\n\n\n\n<p class=\"wp-block-paragraph\">ormai fluisce come fango.<\/p>\n\n\n\n<p class=\"wp-block-paragraph\">O tutto schiuma, tutto schiuma. Da bere.<\/p>\n\n\n\n<p class=\"wp-block-paragraph\">Come birra-sorella.<\/p>\n\n\n\n<p class=\"wp-block-paragraph\">E la vostra galleria di Foto,<\/p>\n\n\n\n<p class=\"wp-block-paragraph\">portrait of The Black Lady,<\/p>\n\n\n\n<p class=\"wp-block-paragraph\">\u00e8 davvero una Splendida Vergogna:<\/p>\n\n\n\n<p class=\"wp-block-paragraph\">tra sete e rasi, nastri, rare stoffe di Madera,<\/p>\n\n\n\n<p class=\"wp-block-paragraph\">Ella vi offre,<\/p>\n\n\n\n<p class=\"wp-block-paragraph\">inebrianti come vino,<\/p>\n\n\n\n<p class=\"wp-block-paragraph\">Buchi nella Pelle, Squarci Purulenti,<\/p>\n\n\n\n<p class=\"wp-block-paragraph\">una Lebbra avvelenata<\/p>\n\n\n\n<p class=\"wp-block-paragraph\">come Acqua di Colonia.<\/p>\n\n\n\n<p class=\"wp-block-paragraph\">Quando abbassi gli occhi dal crepuscolo,<\/p>\n\n\n\n<p class=\"wp-block-paragraph\">non riconosci pi\u00f9<\/p>\n\n\n\n<p class=\"wp-block-paragraph\">questi Canili e Porcili e Bestiari,<\/p>\n\n\n\n<p class=\"wp-block-paragraph\">con il doppio ossimoro in croce sugli Ingressi:<\/p>\n\n\n\n<p class=\"wp-block-paragraph\">Tacito Tumulto, Viva Morte, Assordante,<\/p>\n\n\n\n<p class=\"wp-block-paragraph\">Sonorissimo Silenzio&#8230;&#8221;<\/p>\n\n\n\n<p class=\"wp-block-paragraph\">III<\/p>\n\n\n\n<p class=\"wp-block-paragraph\">&#8220;Dio! E quanta polvere! Uno sfacelo!<\/p>\n\n\n\n<p class=\"wp-block-paragraph\">Tutto va per aria!<\/p>\n\n\n\n<p class=\"wp-block-paragraph\">Su tutto, sopra a tutto, un Velo!<\/p>\n\n\n\n<p class=\"wp-block-paragraph\">Dimmi un po&#8217;, dimmi<\/p>\n\n\n\n<p class=\"wp-block-paragraph\">\u00e8 qui, da un anno,<\/p>\n\n\n\n<p class=\"wp-block-paragraph\">\u00e8 qui, che non lavano per terra?<\/p>\n\n\n\n<p class=\"wp-block-paragraph\">E gli ospedali? E il th\u00e9,<\/p>\n\n\n\n<p class=\"wp-block-paragraph\">e le adorabili vecchiette?<\/p>\n\n\n\n<p class=\"wp-block-paragraph\">Chi pensa a Sigfrido, chi?<\/p>\n\n\n\n<p class=\"wp-block-paragraph\">IV<\/p>\n\n\n\n<p class=\"wp-block-paragraph\">&#8220;Per rincuorarci, esplodono i dipinti,<\/p>\n\n\n\n<p class=\"wp-block-paragraph\">i trompe l&#8217;oeil,<\/p>\n\n\n\n<p class=\"wp-block-paragraph\">gli inganni di stucco sul soffitto:<\/p>\n\n\n\n<p class=\"wp-block-paragraph\">tracce antiche, cocci, rossi pompeiani:<\/p>\n\n\n\n<p class=\"wp-block-paragraph\">matrone bellissime con i seni denudati&#8230;<\/p>\n\n\n\n<p class=\"wp-block-paragraph\">ma l&#8217;Uomo alla Macchina;<\/p>\n\n\n\n<p class=\"wp-block-paragraph\">il Corvo nello Specchio;<\/p>\n\n\n\n<p class=\"wp-block-paragraph\">la marxiana Sintassi capovolta degli Oggetti,<\/p>\n\n\n\n<p class=\"wp-block-paragraph\">insaturi fermentano in Ampolle,<\/p>\n\n\n\n<p class=\"wp-block-paragraph\">come chimici, mortiferi ossidr\u00ecli.<\/p>\n\n\n\n<p class=\"wp-block-paragraph\">Prodigioso boato senza forma,<\/p>\n\n\n\n<p class=\"wp-block-paragraph\">(quasi) un deliquio<\/p>\n\n\n\n<p class=\"wp-block-paragraph\">e un discorso con se stessi.<\/p>\n\n\n\n<p class=\"wp-block-paragraph\">Ma s\u00ec, ma s\u00ec, anche le calosce!<\/p>\n\n\n\n<p class=\"wp-block-paragraph\">Come ad un Cannibale!<\/p>\n\n\n\n<p class=\"wp-block-paragraph\">Far simili baratti \u00e8 una Vergogna,<\/p>\n\n\n\n<p class=\"wp-block-paragraph\">pure nel Delirio!&#8221;<\/p>\n\n\n\n<p class=\"wp-block-paragraph\">V<\/p>\n\n\n\n<p class=\"wp-block-paragraph\">&#8220;Cosa poi rimane dei rosari&#8230;<\/p>\n\n\n\n<p class=\"wp-block-paragraph\">e dei Garcia (oh, voglio la sua testa!)&#8230;<\/p>\n\n\n\n<p class=\"wp-block-paragraph\">e delle mammole o delle Medee &#8211;<\/p>\n\n\n\n<p class=\"wp-block-paragraph\">Giuditte insanguinate ai Tribunali<\/p>\n\n\n\n<p class=\"wp-block-paragraph\">o sugli spalti di via Portamedina&#8230;<\/p>\n\n\n\n<p class=\"wp-block-paragraph\">cosa poi rimane, In End of Moon<\/p>\n\n\n\n<p class=\"wp-block-paragraph\">del cuore giacobino<\/p>\n\n\n\n<p class=\"wp-block-paragraph\">trafitto dalle lame del Mercato, lazzarone&#8230;<\/p>\n\n\n\n<p class=\"wp-block-paragraph\">questo \u00e8 solo cera rossa, lacca, sigillo,<\/p>\n\n\n\n<p class=\"wp-block-paragraph\">un fumo, fumetto, fumino,<\/p>\n\n\n\n<p class=\"wp-block-paragraph\">dalla trama trasparente, sfilacciata.&#8221;<\/p>\n\n\n\n<p class=\"wp-block-paragraph\">VI<\/p>\n\n\n\n<p class=\"wp-block-paragraph\">&#8220;La fogna \u00e8 il vizio che la citt\u00e0 ha nel sangue.<\/p>\n\n\n\n<p class=\"wp-block-paragraph\">Discendere nella fogna<\/p>\n\n\n\n<p class=\"wp-block-paragraph\">\u00e8 come entrare nella tomba,<\/p>\n\n\n\n<p class=\"wp-block-paragraph\">ed ogni specie di orride leggende<\/p>\n\n\n\n<p class=\"wp-block-paragraph\">coprono di orrore<\/p>\n\n\n\n<p class=\"wp-block-paragraph\">il gigantesco immondezzaio.<\/p>\n\n\n\n<p class=\"wp-block-paragraph\">Formidabile sentina che porta le tracce<\/p>\n\n\n\n<p class=\"wp-block-paragraph\">delle Rivoluzioni del Globo,<\/p>\n\n\n\n<p class=\"wp-block-paragraph\">cos\u00ec come delle Rivoluzioni degli Uomini,<\/p>\n\n\n\n<p class=\"wp-block-paragraph\">ed ove si trovano le vestigia<\/p>\n\n\n\n<p class=\"wp-block-paragraph\">di tutti i cataclismi:<\/p>\n\n\n\n<p class=\"wp-block-paragraph\">dalla conchiglia del Diluvio Universale,<\/p>\n\n\n\n<p class=\"wp-block-paragraph\">al brandello del lenzuolo funebre di Marat&#8230;&#8221;<\/p>\n\n\n\n<p class=\"wp-block-paragraph\">VII<\/p>\n\n\n\n<p class=\"wp-block-paragraph\">&#8220;Nella contea di N. albeggia, ora.<\/p>\n\n\n\n<p class=\"wp-block-paragraph\">Autunno, grigiori, nebbia &#8211; torbidi esotismi.<\/p>\n\n\n\n<p class=\"wp-block-paragraph\">Vasci e rasoi, vasci e rasoi.<\/p>\n\n\n\n<p class=\"wp-block-paragraph\">Pettini e spazzole, pettini e spazzole&#8230;<\/p>\n\n\n\n<p class=\"wp-block-paragraph\">Quasi una fiera del Lindore.<\/p>\n\n\n\n<p class=\"wp-block-paragraph\">Ma le Madri sono tutte calve<\/p>\n\n\n\n<p class=\"wp-block-paragraph\">o sporche alla finestra.<\/p>\n\n\n\n<p class=\"wp-block-paragraph\">Oh, alla malora, alla malora!<\/p>\n\n\n\n<p class=\"wp-block-paragraph\">Io, per me, arriver\u00f2, arriver\u00f2 nel fondo<\/p>\n\n\n\n<p class=\"wp-block-paragraph\">anche senza Eroi!<\/p>\n\n\n\n<p class=\"wp-block-paragraph\">Pur senza i Maestri,<\/p>\n\n\n\n<p class=\"wp-block-paragraph\">senza i Maghi della Merda!<\/p>\n\n\n\n<p class=\"wp-block-paragraph\">Cieche guide al Sottosuolo!&#8221;.<\/p>\n","protected":false},"excerpt":{"rendered":"<p>TRATTO DA: Rasoi, di Enzo Moscato, Napoli, Teatri Uniti, 1994. I &#8220;La fogna \u00e8 il vizio che la citt\u00e0 ha nel sangue. L&#8217;istinto popolare non si \u00e8 mai sbagliato. Si potrebbe dire che, da dieci secoli, la cloaca \u00e8 la malattia di Parigi. E Jean Valjean SI TROVAVA nella fogna di Parigi. Altra somiglianza di [&hellip;]<\/p>\n","protected":false},"author":4,"featured_media":0,"comment_status":"open","ping_status":"open","sticky":false,"template":"","format":"standard","meta":{"footnotes":""},"categories":[16],"tags":[37],"class_list":["post-17501","post","type-post","status-publish","format-standard","hentry","category-testi","tag-enzomoscato"],"_links":{"self":[{"href":"https:\/\/teatronapoletano.centroictbc.unisa.it\/index.php?rest_route=\/wp\/v2\/posts\/17501","targetHints":{"allow":["GET"]}}],"collection":[{"href":"https:\/\/teatronapoletano.centroictbc.unisa.it\/index.php?rest_route=\/wp\/v2\/posts"}],"about":[{"href":"https:\/\/teatronapoletano.centroictbc.unisa.it\/index.php?rest_route=\/wp\/v2\/types\/post"}],"author":[{"embeddable":true,"href":"https:\/\/teatronapoletano.centroictbc.unisa.it\/index.php?rest_route=\/wp\/v2\/users\/4"}],"replies":[{"embeddable":true,"href":"https:\/\/teatronapoletano.centroictbc.unisa.it\/index.php?rest_route=%2Fwp%2Fv2%2Fcomments&post=17501"}],"version-history":[{"count":1,"href":"https:\/\/teatronapoletano.centroictbc.unisa.it\/index.php?rest_route=\/wp\/v2\/posts\/17501\/revisions"}],"predecessor-version":[{"id":17502,"href":"https:\/\/teatronapoletano.centroictbc.unisa.it\/index.php?rest_route=\/wp\/v2\/posts\/17501\/revisions\/17502"}],"wp:attachment":[{"href":"https:\/\/teatronapoletano.centroictbc.unisa.it\/index.php?rest_route=%2Fwp%2Fv2%2Fmedia&parent=17501"}],"wp:term":[{"taxonomy":"category","embeddable":true,"href":"https:\/\/teatronapoletano.centroictbc.unisa.it\/index.php?rest_route=%2Fwp%2Fv2%2Fcategories&post=17501"},{"taxonomy":"post_tag","embeddable":true,"href":"https:\/\/teatronapoletano.centroictbc.unisa.it\/index.php?rest_route=%2Fwp%2Fv2%2Ftags&post=17501"}],"curies":[{"name":"wp","href":"https:\/\/api.w.org\/{rel}","templated":true}]}}