{"id":17474,"date":"2026-07-09T18:31:59","date_gmt":"2026-07-09T16:31:59","guid":{"rendered":"https:\/\/teatronapoletano.centroictbc.unisa.it\/?p=17474"},"modified":"2026-07-09T18:31:59","modified_gmt":"2026-07-09T16:31:59","slug":"opera-1-3-2-2-2-2-2-2-2-2-2-2-2-2-2-2-2-2-2-2-2-2-2-2-8","status":"publish","type":"post","link":"https:\/\/teatronapoletano.centroictbc.unisa.it\/?p=17474","title":{"rendered":"On Revolution"},"content":{"rendered":"\n<p class=\"wp-block-paragraph\">La Rivoluzione, tutto ci\u00f2 che io penso della Rivoluzione, tutto ci\u00f2 che io sento consistere dentro di essa, \u00e8 affidata a due lunghe frasi, due lucidi-appassionati pensieri, che ho riportato pari-pari nella scrittura e nella rappresentazione de Sull&#8217;ordine e il disordine dell&#8217;ex macello pubblico (1999), che proprio alla Rivoluzione (nella fattispecie, quella napoletana-giacobina del 1799) ho dedicato, ma in modo non celebratorio e anti-convenzionale.<\/p>\n\n\n\n<p class=\"wp-block-paragraph\">Il primo di questi pensieri \u00e8 di Hannah Arendt e suona cos\u00ec:<\/p>\n\n\n\n<p class=\"wp-block-paragraph\">&#8220;Tutto questo, e forse ancora di pi\u00f9, and\u00f2 perduto<\/p>\n\n\n\n<p class=\"wp-block-paragraph\">quando lo spirito della Rivoluzione &#8211;<\/p>\n\n\n\n<p class=\"wp-block-paragraph\">uno spirito nuovo e la volont\u00e0 di dare inizio a qualcosa di nuovo &#8211;<\/p>\n\n\n\n<p class=\"wp-block-paragraph\">non riusc\u00ec a trovare un&#8217;istituzione appropriata.<\/p>\n\n\n\n<p class=\"wp-block-paragraph\">Non c&#8217;\u00e8 nulla che possa compensare questa perdita<\/p>\n\n\n\n<p class=\"wp-block-paragraph\">O possa evitare che divenga definitiva,<\/p>\n\n\n\n<p class=\"wp-block-paragraph\">tranne la memoria e la rievocazione dei fatti.<\/p>\n\n\n\n<p class=\"wp-block-paragraph\">E poich\u00e9 il magazzino della memoria \u00e8 tenuto e vigilato dai poeti,<\/p>\n\n\n\n<p class=\"wp-block-paragraph\">che hanno il compito di trovare e creare le parole per cui viviamo,<\/p>\n\n\n\n<p class=\"wp-block-paragraph\">pu\u00f2 essere saggio rivolgersi a loro, per trovare un&#8217;articolazione approssimativa del contenuto reale dei nostri tesori perduti&#8221;.<\/p>\n\n\n\n<p class=\"wp-block-paragraph\">Il secondo \u00e8, naturalmente di Antonin Artaud, che, identificando la Rivoluzione con la radicale di-messa in scena di tutte le nostre pi\u00f9 meschine finzioni di realt\u00e0, afferma che era il teatro<\/p>\n\n\n\n<p class=\"wp-block-paragraph\">&#8220;quella forza che impastava l&#8217;anatomia umana,<\/p>\n\n\n\n<p class=\"wp-block-paragraph\">quella petulanza di un fuoco innato<\/p>\n\n\n\n<p class=\"wp-block-paragraph\">da cui furono sgranati gli scheletri primitivi,<\/p>\n\n\n\n<p class=\"wp-block-paragraph\">quella forza di un umore esploso,<\/p>\n\n\n\n<p class=\"wp-block-paragraph\">quella specie d&#8217;irascibile tumore<\/p>\n\n\n\n<p class=\"wp-block-paragraph\">in cui si fuse lo scheletro primigenio.<\/p>\n\n\n\n<p class=\"wp-block-paragraph\">\u00c8 nell&#8217;impasto ritmico di tutti gli scheletri evocati<\/p>\n\n\n\n<p class=\"wp-block-paragraph\">Che la forza innata del teatro caratterizzava l&#8217;umanit\u00e0.<\/p>\n\n\n\n<p class=\"wp-block-paragraph\">L\u00ec, l&#8217;uomo e la vita venivano di tanto in tanto a farsi rifare.&#8221;<\/p>\n\n\n\n<p class=\"wp-block-paragraph\">Ora, tra l&#8217;uno e l&#8217;altro di questi due pensieri, scorre, a mio avviso, tutto il sangue, nero e celestiale, della Necessit\u00e0\/Libert\u00e0 della Poesia intesa come Azione, la sola che possa redimere l&#8217;ingiustizia e la stoltezza immane della Storia. A un certo punto della scrittura\/scena de Sull&#8217;ordine e il disordine dell&#8217;ex macello pubblico io smettevo di ragionare, di far quadrare i conti con le categorie, la logica, il tempo, lo spazio e prendevo a delirare, ad affidarmi, ac cadaver, a questa corrente della Poesia, ad affidarmi solo alle sue sananti\/unificanti onde:<\/p>\n\n\n\n<p class=\"wp-block-paragraph\">Archivi, musei, istituzioni,<\/p>\n\n\n\n<p class=\"wp-block-paragraph\">Case e cullifici del ricordo &#8211;<\/p>\n\n\n\n<p class=\"wp-block-paragraph\">Aridi dedali, secchi labirinti,<\/p>\n\n\n\n<p class=\"wp-block-paragraph\">ove ci\u00f2 che fu, non \u00e8,<\/p>\n\n\n\n<p class=\"wp-block-paragraph\">pi\u00f9 non respira.<\/p>\n\n\n\n<p class=\"wp-block-paragraph\">La scintilla l&#8217;hanno trattenuta l\u00ec;<\/p>\n\n\n\n<p class=\"wp-block-paragraph\">L\u00ec l&#8217;hanno imprigionata, ingelita, ingessata,<\/p>\n\n\n\n<p class=\"wp-block-paragraph\">pietrificata, mummificata, incartapecorita,<\/p>\n\n\n\n<p class=\"wp-block-paragraph\">ad oblio permanente d&#8217; &#8216;o Memorial<\/p>\n\n\n\n<p class=\"wp-block-paragraph\">&#8216;e chilli juorne.<\/p>\n\n\n\n<p class=\"wp-block-paragraph\">La scintilla pass\u00f2,<\/p>\n\n\n\n<p class=\"wp-block-paragraph\">Per la prima volta sfior\u00f2, tocc\u00f2,<\/p>\n\n\n\n<p class=\"wp-block-paragraph\">Questo luogo traversato MAI dall&#8217;utopia.<\/p>\n\n\n\n<p class=\"wp-block-paragraph\">Cc\u00e0, &#8216;a Storia s&#8217;\u00e8 rotta, na matina<\/p>\n\n\n\n<p class=\"wp-block-paragraph\">&#8216;E nu mese poi ditto nevoso.<\/p>\n\n\n\n<p class=\"wp-block-paragraph\">Ddoie parti s&#8217;\u00e8 spezzata dint&#8217; &#8216;e cosce,<\/p>\n\n\n\n<p class=\"wp-block-paragraph\">Gomm&#8217;a nu cavallo nciampec\u00e0to alla battaglia.<\/p>\n\n\n\n<p class=\"wp-block-paragraph\">Senza ca nisciuno ne sapesse niente<\/p>\n\n\n\n<p class=\"wp-block-paragraph\">O sapesse balbett\u00e0 &#8216;o pecch\u00e9 e il come e il quando<\/p>\n\n\n\n<p class=\"wp-block-paragraph\">esattamente,<\/p>\n\n\n\n<p class=\"wp-block-paragraph\">Senza pass\u00e0 pe n&#8217;imbroglione,<\/p>\n\n\n\n<p class=\"wp-block-paragraph\">Na vocca gigantesca di bolle di sapone.<\/p>\n\n\n\n<p class=\"wp-block-paragraph\">Che rimmane? &#8216;O riesto &#8216;e niente, s&#8217;\u00e8 detto.<\/p>\n\n\n\n<p class=\"wp-block-paragraph\">Ovvero stanze &#8211;<\/p>\n\n\n\n<p class=\"wp-block-paragraph\">Manchevoli di fatti e di LORO &#8211; &#8216;aa ggente &#8211; ;<\/p>\n\n\n\n<p class=\"wp-block-paragraph\">Manchevoli di QUELLO &#8211; &#8216;a storia &#8211;<\/p>\n\n\n\n<p class=\"wp-block-paragraph\">Che, fulmine, apparve, dispar\u00ec,<\/p>\n\n\n\n<p class=\"wp-block-paragraph\">&#8216;o tiempo &#8216;e nu suspiro.<\/p>\n\n\n\n<p class=\"wp-block-paragraph\">Che rimmane? &#8216;O niente &#8216;e nu riesto &#8211;<\/p>\n\n\n\n<p class=\"wp-block-paragraph\">Invisibile, del resto &#8211;<\/p>\n\n\n\n<p class=\"wp-block-paragraph\">E meandri, corridoi, boudoirs,<\/p>\n\n\n\n<p class=\"wp-block-paragraph\">Coi silenzi fantasmatici &#8216;e deserto,<\/p>\n\n\n\n<p class=\"wp-block-paragraph\">E dipinti, giornali, carte, oggettistica, indumenti.<\/p>\n\n\n\n<p class=\"wp-block-paragraph\">E monete, chincagliame, &#8220;douces plumes&#8221;.<\/p>\n\n\n\n<p class=\"wp-block-paragraph\">Impronte irrilevabili del sangue<\/p>\n\n\n\n<p class=\"wp-block-paragraph\">Che, da inchiostro, prest\u00f2 na pista<\/p>\n\n\n\n<p class=\"wp-block-paragraph\">In cui nf\u00f2nnere le suole, l&#8217;orma fuggitiva<\/p>\n\n\n\n<p class=\"wp-block-paragraph\">Delle scarpe,<\/p>\n\n\n\n<p class=\"wp-block-paragraph\">De&#8217; mani e i piedi in corsa che assalirono<\/p>\n\n\n\n<p class=\"wp-block-paragraph\">I gradini,<\/p>\n\n\n\n<p class=\"wp-block-paragraph\">Di regge o di tuguri, di templi, o di vinelle,<\/p>\n\n\n\n<p class=\"wp-block-paragraph\">Quando tutto &#8211; e tutto fu un momento, nu secondo &#8211;<\/p>\n\n\n\n<p class=\"wp-block-paragraph\">S&#8217;infiamm\u00f2 nella rivolta, l&#8217;arrevuoto.<\/p>\n\n\n\n<p class=\"wp-block-paragraph\">E cantari colmi d&#8217;urina<\/p>\n\n\n\n<p class=\"wp-block-paragraph\">Di qua e di l\u00e0 portati da valletti<\/p>\n\n\n\n<p class=\"wp-block-paragraph\">schiavuttielli<\/p>\n\n\n\n<p class=\"wp-block-paragraph\">per l&#8217;algido splendore dei salotti.<\/p>\n\n\n\n<p class=\"wp-block-paragraph\">Cerchi &#8216;e fuoco verde &#8211;<\/p>\n\n\n\n<p class=\"wp-block-paragraph\">saltimbanchi, giostrerie, tuguri a festa.<\/p>\n\n\n\n<p class=\"wp-block-paragraph\">Banchetti antropofagici per l&#8217;apo e l&#8217;ipo-geo<\/p>\n\n\n\n<p class=\"wp-block-paragraph\">del verminoso nurego dei vichi.<\/p>\n\n\n\n<p class=\"wp-block-paragraph\">Non la Storia o la Cronaca della Rivoluzione, no.<\/p>\n\n\n\n<p class=\"wp-block-paragraph\">Ma il suo Spirito &#8211;<\/p>\n\n\n\n<p class=\"wp-block-paragraph\">se ancora Spirito ce n&#8217;\u00e8\u2026 &#8211;<\/p>\n\n\n\n<p class=\"wp-block-paragraph\">il suo clima, il suo umore, il suo odore, la sua puzza.<\/p>\n\n\n\n<p class=\"wp-block-paragraph\">In ordine\/disordine dati, per inizio, svolgimento, fine.<\/p>\n\n\n\n<p class=\"wp-block-paragraph\">Non carni, non ossa, non muscoli, non lingue;<\/p>\n\n\n\n<p class=\"wp-block-paragraph\">flussi d&#8217;aria, semmai, sgomenti, soffianti &#8211;<\/p>\n\n\n\n<p class=\"wp-block-paragraph\">paralarve spogliali d&#8217;anatomie inventate &#8211;<\/p>\n\n\n\n<p class=\"wp-block-paragraph\">di parole, frasi, detti, forgiati l\u00ec, all&#8217;istante,<\/p>\n\n\n\n<p class=\"wp-block-paragraph\">e scomposti, sguanciati, guernicati, scoppiati, irricostruibili, ininterpretabili<\/p>\n\n\n\n<p class=\"wp-block-paragraph\">se non con l&#8217;emozione fulminante del caderci proprio dentro,<\/p>\n\n\n\n<p class=\"wp-block-paragraph\">d&#8217;esservi parte e fatto, ORA &#8211;<\/p>\n\n\n\n<p class=\"wp-block-paragraph\">sebbene sembrino arrivare da lontano,<\/p>\n\n\n\n<p class=\"wp-block-paragraph\">da quell&#8217; &#8220;ieri&#8221; sanglottante, scuncecato.<\/p>\n\n\n\n<p class=\"wp-block-paragraph\">Manichini in parata &#8211; balbettanti, semoventi,<\/p>\n\n\n\n<p class=\"wp-block-paragraph\">autistici, tarpati,<\/p>\n\n\n\n<p class=\"wp-block-paragraph\">sconvolti ed impazziti per la farsa\/corsa:<\/p>\n\n\n\n<p class=\"wp-block-paragraph\">sempre ritorno-stasi, stasi e ritorno, sempre:<\/p>\n\n\n\n<p class=\"wp-block-paragraph\">dolce ed istesso rovello d&#8217;im-memoria.<\/p>\n\n\n\n<p class=\"wp-block-paragraph\">In questo delirio, scenicamente, sta tutto quanto io credo debba essere, o possa avvicinarsi a ci\u00f2 che si chiama Rivoluzione: una sorta di crollo, di perdita, di liquefazione, di ci\u00f2 che siamo e ricordiamo, di tutto quello che ci mantiene a galla &#8211; sul totale Kaos della Vita &#8211; come Sapere, Utilit\u00e0, Ragione, null&#8217;altro che Illusioni.<\/p>\n\n\n\n<p class=\"wp-block-paragraph\">Alchemicamente, la Rivoluzione \u00e8 una serie impressionante d&#8217;istantanee, fulminanti, teatralissime, nascite-rinascite-morti, che non approdano mai al definitivo, alla guerra o alla stasi perpetue, ma rispondono solo alla vocazione arcana, inestinguibile, del continuo rinnovarsi, trasformarsi, slittare. L&#8217;imprendibilit\u00e0 di queste forme, la loro incatturabilit\u00e0, garantisce il senso profondo o l&#8217;in-senso profondo, come si vuole, dell&#8217;infrangersi di tutti i Codici, che \u00e8 la Rivoluzione.<\/p>\n\n\n\n<p class=\"wp-block-paragraph\">Enzo Moscato<\/p>\n","protected":false},"excerpt":{"rendered":"<p>La Rivoluzione, tutto ci\u00f2 che io penso della Rivoluzione, tutto ci\u00f2 che io sento consistere dentro di essa, \u00e8 affidata a due lunghe frasi, due lucidi-appassionati pensieri, che ho riportato pari-pari nella scrittura e nella rappresentazione de Sull&#8217;ordine e il disordine dell&#8217;ex macello pubblico (1999), che proprio alla Rivoluzione (nella fattispecie, quella napoletana-giacobina del 1799) [&hellip;]<\/p>\n","protected":false},"author":4,"featured_media":0,"comment_status":"open","ping_status":"open","sticky":false,"template":"","format":"standard","meta":{"footnotes":""},"categories":[17],"tags":[37],"class_list":["post-17474","post","type-post","status-publish","format-standard","hentry","category-opere","tag-enzomoscato"],"_links":{"self":[{"href":"https:\/\/teatronapoletano.centroictbc.unisa.it\/index.php?rest_route=\/wp\/v2\/posts\/17474","targetHints":{"allow":["GET"]}}],"collection":[{"href":"https:\/\/teatronapoletano.centroictbc.unisa.it\/index.php?rest_route=\/wp\/v2\/posts"}],"about":[{"href":"https:\/\/teatronapoletano.centroictbc.unisa.it\/index.php?rest_route=\/wp\/v2\/types\/post"}],"author":[{"embeddable":true,"href":"https:\/\/teatronapoletano.centroictbc.unisa.it\/index.php?rest_route=\/wp\/v2\/users\/4"}],"replies":[{"embeddable":true,"href":"https:\/\/teatronapoletano.centroictbc.unisa.it\/index.php?rest_route=%2Fwp%2Fv2%2Fcomments&post=17474"}],"version-history":[{"count":1,"href":"https:\/\/teatronapoletano.centroictbc.unisa.it\/index.php?rest_route=\/wp\/v2\/posts\/17474\/revisions"}],"predecessor-version":[{"id":17475,"href":"https:\/\/teatronapoletano.centroictbc.unisa.it\/index.php?rest_route=\/wp\/v2\/posts\/17474\/revisions\/17475"}],"wp:attachment":[{"href":"https:\/\/teatronapoletano.centroictbc.unisa.it\/index.php?rest_route=%2Fwp%2Fv2%2Fmedia&parent=17474"}],"wp:term":[{"taxonomy":"category","embeddable":true,"href":"https:\/\/teatronapoletano.centroictbc.unisa.it\/index.php?rest_route=%2Fwp%2Fv2%2Fcategories&post=17474"},{"taxonomy":"post_tag","embeddable":true,"href":"https:\/\/teatronapoletano.centroictbc.unisa.it\/index.php?rest_route=%2Fwp%2Fv2%2Ftags&post=17474"}],"curies":[{"name":"wp","href":"https:\/\/api.w.org\/{rel}","templated":true}]}}