{"id":17434,"date":"2026-07-09T18:13:40","date_gmt":"2026-07-09T16:13:40","guid":{"rendered":"https:\/\/teatronapoletano.centroictbc.unisa.it\/?p=17434"},"modified":"2026-07-09T18:13:40","modified_gmt":"2026-07-09T16:13:40","slug":"opera-1-3-2-2-2-2-2-2-2-2-2-2","status":"publish","type":"post","link":"https:\/\/teatronapoletano.centroictbc.unisa.it\/?p=17434","title":{"rendered":"Kinder-Traum Seminar"},"content":{"rendered":"\n<p class=\"wp-block-paragraph\">Studio scenico su un pensiero-parola dedicato alla Memoria Collettiva dell&#8217;Olocausto tra &#8220;reading&#8221; e &#8220;mise en espace&#8221;<\/p>\n\n\n\n<p class=\"wp-block-paragraph\">Kinder-Traum Seminar (&#8220;Seminario sui sogni dei bambini&#8221; o anche &#8220;Seminario sui bambini in sogno&#8221;: la giusta interpretazione del titolo tedesco \u00e8 volutamente lasciata nell&#8217;ambiguo, cos\u00ec come ambigua \u00e8 lasciata da Jung, a cui il titolo dello spettacolo \u00e8 &#8220;rubato&#8221;) \u00e8 una raccolta di voci differenti (Janusz Korczak, Tadeusz Kantor, Etty Hillesum, Primo Levi, Elie Wiesel, Gitta Sereny, Tzvetan Todorov, Mary Berg, Bruno Bettelheim, Robert Antelme, Edith Stein, Paul Celan, Marina Cvetaeva) catturate all&#8217;interno della pi\u00f9 devastante tragedia collettiva di cui la storia dell&#8217;umanit\u00e0 possa ammantarsi: l&#8217;Olocausto. Lo sterminio di razze ed oppositori politici alla folle instaurazione del regime nazista, prima in Germania e poi in gran parte dell&#8217;Europa, verso circa la met\u00e0 del secolo appena trascorso.<\/p>\n\n\n\n<p class=\"wp-block-paragraph\">Ma non \u00e8 una rielaborazione storico-cronologica di quegli avvenimenti, n\u00e9 potrebbe esserlo, visto che il luogo prescelto per la rivivificazione mnemonica-emotiva degli stessi non \u00e8 un libro n\u00e9 una filmica trascrizione documentaristica (come ha fatto Spielberg per gli ultimi testimoni ancora in vita) di quella mattanza, bens\u00ec il Teatro, sede per eccellenza non dei dom\u00ecni dei fatti o del reale, ma del simbolico e dell&#8217;immaginario, e, infatti, simbolica, immaginaria, evocativa, elusiva, ellittica &#8211; stiamo citando, come si vede, tutte le possibili forme in cui si d\u00e0 il Poetico &#8211; \u00e8 la dimensione, scenica e di scrittura, in cui l&#8217;autore-interprete-regista della rappresentazione, vuole calare quelle truci vicende, sulla scia, del resto, di quanto ha gi\u00e0 fatto, lavorando sulla storia, in altre note &#8216;performances&#8217; (Rasoi, Luparella, Sull&#8217;ordine e il disordine dell&#8217;ex macello pubblico), non affinch\u00e9, cos\u00ec, la storia e i suoi tristi strascichi concreti ne risultino sviliti, evasi, negati o cancellati, ma, anzi, al contrario, per rafforzarne maggiormente &#8211; e in modo non banalmente contingente ma in senso trans-temporale e trans-soggettivo &#8211; l&#8217;ineliminabile incidenza nella nostra vita quotidiana.<\/p>\n\n\n\n<p class=\"wp-block-paragraph\">(Note dell&#8217;Autore)<\/p>\n","protected":false},"excerpt":{"rendered":"<p>Studio scenico su un pensiero-parola dedicato alla Memoria Collettiva dell&#8217;Olocausto tra &#8220;reading&#8221; e &#8220;mise en espace&#8221; Kinder-Traum Seminar (&#8220;Seminario sui sogni dei bambini&#8221; o anche &#8220;Seminario sui bambini in sogno&#8221;: la giusta interpretazione del titolo tedesco \u00e8 volutamente lasciata nell&#8217;ambiguo, cos\u00ec come ambigua \u00e8 lasciata da Jung, a cui il titolo dello spettacolo \u00e8 &#8220;rubato&#8221;) [&hellip;]<\/p>\n","protected":false},"author":4,"featured_media":0,"comment_status":"open","ping_status":"open","sticky":false,"template":"","format":"standard","meta":{"footnotes":""},"categories":[17],"tags":[37],"class_list":["post-17434","post","type-post","status-publish","format-standard","hentry","category-opere","tag-enzomoscato"],"_links":{"self":[{"href":"https:\/\/teatronapoletano.centroictbc.unisa.it\/index.php?rest_route=\/wp\/v2\/posts\/17434","targetHints":{"allow":["GET"]}}],"collection":[{"href":"https:\/\/teatronapoletano.centroictbc.unisa.it\/index.php?rest_route=\/wp\/v2\/posts"}],"about":[{"href":"https:\/\/teatronapoletano.centroictbc.unisa.it\/index.php?rest_route=\/wp\/v2\/types\/post"}],"author":[{"embeddable":true,"href":"https:\/\/teatronapoletano.centroictbc.unisa.it\/index.php?rest_route=\/wp\/v2\/users\/4"}],"replies":[{"embeddable":true,"href":"https:\/\/teatronapoletano.centroictbc.unisa.it\/index.php?rest_route=%2Fwp%2Fv2%2Fcomments&post=17434"}],"version-history":[{"count":1,"href":"https:\/\/teatronapoletano.centroictbc.unisa.it\/index.php?rest_route=\/wp\/v2\/posts\/17434\/revisions"}],"predecessor-version":[{"id":17435,"href":"https:\/\/teatronapoletano.centroictbc.unisa.it\/index.php?rest_route=\/wp\/v2\/posts\/17434\/revisions\/17435"}],"wp:attachment":[{"href":"https:\/\/teatronapoletano.centroictbc.unisa.it\/index.php?rest_route=%2Fwp%2Fv2%2Fmedia&parent=17434"}],"wp:term":[{"taxonomy":"category","embeddable":true,"href":"https:\/\/teatronapoletano.centroictbc.unisa.it\/index.php?rest_route=%2Fwp%2Fv2%2Fcategories&post=17434"},{"taxonomy":"post_tag","embeddable":true,"href":"https:\/\/teatronapoletano.centroictbc.unisa.it\/index.php?rest_route=%2Fwp%2Fv2%2Ftags&post=17434"}],"curies":[{"name":"wp","href":"https:\/\/api.w.org\/{rel}","templated":true}]}}